{"id":2548,"date":"2024-03-12T09:04:58","date_gmt":"2024-03-12T12:04:58","guid":{"rendered":"https:\/\/apontahora.com\/?p=2548"},"modified":"2024-03-12T09:35:31","modified_gmt":"2024-03-12T12:35:31","slug":"grv-software-oficializa-parceria-com-o-parque-tecnologico-de-santo-andre-para-promover-inovacao-e-competitividade-das-empresas-locais","status":"publish","type":"post","link":"https:\/\/apontahora.com\/index.php\/2024\/03\/12\/grv-software-oficializa-parceria-com-o-parque-tecnologico-de-santo-andre-para-promover-inovacao-e-competitividade-das-empresas-locais\/","title":{"rendered":"GRV Software oficializa parceria com Parque Tecnol\u00f3gico de Santo Andr\u00e9"},"content":{"rendered":"\n<figure class=\"wp-block-image aligncenter size-large is-resized has-custom-border is-style-rounded\"><img fetchpriority=\"high\" decoding=\"async\" width=\"1024\" height=\"428\" src=\"https:\/\/apontahora.com\/wp-content\/uploads\/2024\/03\/grv-software-oficializa-parceria-com-o-parque-tecnologico-de-santo-andre-1024x428.png\" alt=\"\" class=\"wp-image-2549\" style=\"border-width:1px;border-radius:20px;width:600px\" srcset=\"https:\/\/apontahora.com\/wp-content\/uploads\/2024\/03\/grv-software-oficializa-parceria-com-o-parque-tecnologico-de-santo-andre-1024x428.png 1024w, https:\/\/apontahora.com\/wp-content\/uploads\/2024\/03\/grv-software-oficializa-parceria-com-o-parque-tecnologico-de-santo-andre-300x125.png 300w, https:\/\/apontahora.com\/wp-content\/uploads\/2024\/03\/grv-software-oficializa-parceria-com-o-parque-tecnologico-de-santo-andre-768x321.png 768w, https:\/\/apontahora.com\/wp-content\/uploads\/2024\/03\/grv-software-oficializa-parceria-com-o-parque-tecnologico-de-santo-andre.png 1361w\" sizes=\"(max-width: 1024px) 100vw, 1024px\" \/><\/figure>\n\n\n\n<p class=\"has-medium-font-size\">No dia 06\/03\/24 a GRV Software deu mais um passo importante na parceria com o&nbsp;<a href=\"https:\/\/www3.santoandre.sp.gov.br\/parquetecnologico\/\" target=\"_blank\" rel=\"noreferrer noopener\">Parque Tecnol\u00f3gico de Santo Andr\u00e9<\/a>, onde junto a outros grandes players do mercado, promovem a inova\u00e7\u00e3o e competitividade das empresas locais por interm\u00e9dio da integra\u00e7\u00e3o dos atores que comp\u00f5em o ecossistema de inova\u00e7\u00e3o local.<\/p>\n\n\n\n<p>Valdecir Pereira, CEO da GRV Software se reuniu a representantes do SENAI, SEBRAE,\u00a0<a href=\"https:\/\/iar.eng.br\/\">IAR<\/a>\u00a0(Instituto Avan\u00e7ado de Rob\u00f3tica), Kron medidores,\u00a0<a href=\"https:\/\/www.linkedin.com\/company\/hiontecnologia\/?originalSubdomain=br\" target=\"_blank\" rel=\"noreferrer noopener\">Hion tecnologia<\/a>, entre outros. Na reuni\u00e3o, Marcos Godinho, diretor-geral do Parque Tecnol\u00f3gico e o professor Mauro Sandri, apresentaram as evolu\u00e7\u00f5es do projeto e trouxeram pontos de discuss\u00e3o e corrobora\u00e7\u00e3o entre as empresas envolvidas que desde o in\u00edcio se alinharam em perfeita sinergia e disposi\u00e7\u00e3o em fazer do projeto um grande sucesso.<\/p>\n\n\n\n<p>O Diretor Marcos Godinho destacou quanto o&nbsp;<a href=\"https:\/\/apontahora.com\/\" target=\"_blank\" rel=\"noreferrer noopener\">Aponta Hora<\/a>, primeira solu\u00e7\u00e3o da GRV a ser utilizada no projeto, far\u00e1 a diferen\u00e7a na gest\u00e3o de empresas locais que ainda fazem a gest\u00e3o de Ordens de Servi\u00e7o de forma manual. Valdecir colocou \u00e0 disposi\u00e7\u00e3o, sem custo algum, Kits do Aponta Hora para serem utilizados no projeto e que assim, fique mais claro o quanto a plataforma de apontamento digital de horas de servi\u00e7o pode ser um divisor de \u00e1guas na agilidade, confiabilidade e exatid\u00e3o do tempo e custo das OS\u2019s.<\/p>\n\n\n\n<p>Fabio Bordin e Evandro Banzato, representantes da gest\u00e3o p\u00fablica de Santo Andr\u00e9, destacaram a ess\u00eancia transformadora de iniciativas como esta. Para eles, n\u00e3o se trata apenas de impulsionar o desenvolvimento local, mas sim de deixar um legado que reverbera na sociedade. Eles enxergam essa colabora\u00e7\u00e3o como uma corrente do bem, uma oportunidade \u00fanica de contribuir para uma evolu\u00e7\u00e3o socioecon\u00f4mica que transcende fronteiras geogr\u00e1ficas. \u00c9 mais do que uma simples parceria; \u00e9 um compromisso com a constru\u00e7\u00e3o de um sistema mais competitivo e colaborativo, onde cada elo fortalece a corrente que impulsiona o progresso e a prosperidade para todos.<\/p>\n\n\n\n<h2 class=\"wp-block-heading\"><strong>Sobre o Parque Tecnol\u00f3gico<\/strong><\/h2>\n\n\n\n<p>O Parque Tecnol\u00f3gico de Santo Andr\u00e9 \u00e9 uma rede com governan\u00e7a estabelecida envolvendo o governo da cidade, entidades representativas da sociedade e universidades, faculdades, escolas t\u00e9cnicas e centros de pesquisa. Juntos, atuam em rede para o desenvolvimento tecnol\u00f3gico, promo\u00e7\u00e3o da inova\u00e7\u00e3o e da competitividade na regi\u00e3o. A partir do Parque Tecnol\u00f3gico e sua rede, as empresas e a sociedade em geral conseguem acessar uma ampla infraestrutura e servi\u00e7os estabelecidos e em constante evolu\u00e7\u00e3o para o desenvolvimento de iniciativas que promovam a inova\u00e7\u00e3o e a competitividade.<\/p>\n\n\n\n<p><strong>Saiba mais sobre o Parque Tecnol\u00f3gico: Clique<\/strong>&nbsp;<strong><a href=\"https:\/\/www3.santoandre.sp.gov.br\/parquetecnologico\/\" target=\"_blank\" rel=\"noreferrer noopener\">AQUI.<\/a><\/strong><\/p>\n\n\n\n<p><\/p>\n\n\n\n<p><\/p>\n","protected":false},"excerpt":{"rendered":"<p>No dia 06\/03\/24 a GRV Software oficializou a parceria com o\u00a0Parque Tecnol\u00f3gico de Santo Andr\u00e9, onde junto a outros grandes players do mercado, promovem a inova\u00e7\u00e3o e competitividade das empresas locais <\/p>\n","protected":false},"author":1,"featured_media":0,"comment_status":"closed","ping_status":"closed","sticky":false,"template":"","format":"standard","meta":{"footnotes":""},"categories":[10],"tags":[44,16,45,46,68,48,69,34,50,49,51,52,65,64,66,67,26,54,28],"class_list":["post-2548","post","type-post","status-publish","format-standard","hentry","category-noticias","tag-apontahora","tag-apontamento-de-horas","tag-automacao","tag-automatizacao","tag-competitividade","tag-eficiencia-operacional","tag-empresas-locais","tag-fabrica","tag-gestao-de-fabricas","tag-gestao-de-producao","tag-gestao-eficiente","tag-melhorias-com-tecnologia","tag-parque-tecnologico","tag-parque-tecnologico-de-santo-andre","tag-santo-andre","tag-sao-paulo","tag-software","tag-sucesso-empresarial","tag-usinagem"],"_links":{"self":[{"href":"https:\/\/apontahora.com\/index.php\/wp-json\/wp\/v2\/posts\/2548","targetHints":{"allow":["GET"]}}],"collection":[{"href":"https:\/\/apontahora.com\/index.php\/wp-json\/wp\/v2\/posts"}],"about":[{"href":"https:\/\/apontahora.com\/index.php\/wp-json\/wp\/v2\/types\/post"}],"author":[{"embeddable":true,"href":"https:\/\/apontahora.com\/index.php\/wp-json\/wp\/v2\/users\/1"}],"replies":[{"embeddable":true,"href":"https:\/\/apontahora.com\/index.php\/wp-json\/wp\/v2\/comments?post=2548"}],"version-history":[{"count":4,"href":"https:\/\/apontahora.com\/index.php\/wp-json\/wp\/v2\/posts\/2548\/revisions"}],"predecessor-version":[{"id":2560,"href":"https:\/\/apontahora.com\/index.php\/wp-json\/wp\/v2\/posts\/2548\/revisions\/2560"}],"wp:attachment":[{"href":"https:\/\/apontahora.com\/index.php\/wp-json\/wp\/v2\/media?parent=2548"}],"wp:term":[{"taxonomy":"category","embeddable":true,"href":"https:\/\/apontahora.com\/index.php\/wp-json\/wp\/v2\/categories?post=2548"},{"taxonomy":"post_tag","embeddable":true,"href":"https:\/\/apontahora.com\/index.php\/wp-json\/wp\/v2\/tags?post=2548"}],"curies":[{"name":"wp","href":"https:\/\/api.w.org\/{rel}","templated":true}]}}